{"id":4761,"__str__":"Indica\u00e7\u00e3o n\u00ba 20 de 2026 | Mat\u00e9ria Legislativa inclu\u00edda na Ordem do Dia | 03/03/2026","link_detail_backend":"/materia/tramitacao/4761","metadata":{},"timestamp":"2026-03-04T10:02:23.138705-03:00","data_tramitacao":"2026-03-03","data_encaminhamento":"2026-03-03","urgente":false,"turno":"U","texto":"Indica\u00e7\u00e3o do vereador Rodrigo Fr\u00f3es inclu\u00edda no expediente da 2\u00ba Sess\u00e3o Ordin\u00e1ria.","data_fim_prazo":null,"ip":"45.174.220.202","ultima_edicao":"2026-03-04T10:00:45.274311-03:00","status":3,"materia":4179,"unidade_tramitacao_local":18,"unidade_tramitacao_destino":22,"user":46}