{"id":4753,"__str__":"Indica\u00e7\u00e3o n\u00ba 18 de 2026 | Indica\u00e7\u00e3o aprovada pelo vereadores em Plen\u00e1rio.  | 04/03/2026","link_detail_backend":"/materia/tramitacao/4753","metadata":{},"timestamp":"2026-03-04T08:59:04.916316-03:00","data_tramitacao":"2026-03-04","data_encaminhamento":null,"urgente":false,"turno":"U","texto":"Indica\u00e7\u00e3o ou Requerimento do vereador inclu\u00edda no expediente da segunda sess\u00e3o ordin\u00e1ria.","data_fim_prazo":null,"ip":"45.174.220.202","ultima_edicao":"2026-03-04T08:56:00.518800-03:00","status":51,"materia":4176,"unidade_tramitacao_local":22,"unidade_tramitacao_destino":21,"user":70}