{"id":4561,"__str__":"Indica\u00e7\u00e3o n\u00ba 245 de 2025 | Indica\u00e7\u00e3o aprovada pelo vereadores em Plen\u00e1rio.  | 08/10/2025","link_detail_backend":"/materia/tramitacao/4561","metadata":{},"timestamp":"2025-10-08T10:47:20.548965-03:00","data_tramitacao":"2025-10-08","data_encaminhamento":"2025-10-08","urgente":false,"turno":"U","texto":"Indica\u00e7\u00e3o da vereador inclu\u00edda no expediente da trig\u00e9sima primeira sess\u00e3o ordin\u00e1ria.","data_fim_prazo":null,"ip":"45.174.220.201","ultima_edicao":"2025-10-08T10:40:39.898821-03:00","status":51,"materia":4061,"unidade_tramitacao_local":18,"unidade_tramitacao_destino":22,"user":70}