{"id":4210,"__str__":"Indica\u00e7\u00e3o n\u00ba 177 de 2025 | Mat\u00e9ria Legislativa inclu\u00edda na Ordem do Dia | 19/08/2025","link_detail_backend":"/materia/tramitacao/4210","metadata":{},"timestamp":"2025-08-25T11:58:32.852875-03:00","data_tramitacao":"2025-08-19","data_encaminhamento":null,"urgente":false,"turno":"S","texto":"Indica\u00e7\u00e3o da vereadora inclu\u00edda no expediente da vig\u00e9sima quarta sess\u00e3o ordin\u00e1ria.","data_fim_prazo":null,"ip":"45.174.220.206","ultima_edicao":"2025-08-25T11:56:11.544294-03:00","status":3,"materia":3942,"unidade_tramitacao_local":18,"unidade_tramitacao_destino":22,"user":70}