{"id":4089,"__str__":"Indica\u00e7\u00e3o n\u00ba 146 de 2025 | Mat\u00e9ria Legislativa inclu\u00edda na Ordem do Dia | 30/07/2025","link_detail_backend":"/materia/tramitacao/4089","metadata":{},"timestamp":"2025-07-30T10:59:19.865418-03:00","data_tramitacao":"2025-07-30","data_encaminhamento":null,"urgente":false,"turno":"U","texto":"Indica\u00e7\u00e3o da vereadora inclu\u00edda no expediente da d\u00e9cima nona  sess\u00e3o ordin\u00e1ria.","data_fim_prazo":null,"ip":"179.48.245.213","ultima_edicao":"2025-07-30T11:27:44.462614-03:00","status":3,"materia":3819,"unidade_tramitacao_local":18,"unidade_tramitacao_destino":22,"user":72}