{"id":3924,"__str__":"Indica\u00e7\u00e3o n\u00ba 96 de 2025 | Mat\u00e9ria Legislativa inclu\u00edda na Ordem do Dia | 06/05/2025","link_detail_backend":"/materia/tramitacao/3924","metadata":{},"timestamp":"2025-05-09T11:26:42.669469-03:00","data_tramitacao":"2025-05-06","data_encaminhamento":"2025-05-09","urgente":false,"turno":"U","texto":"Indica\u00e7\u00e3o da Vereadora inclu\u00edda no expediente da 12\u00ba sess\u00e3o ordin\u00e1ria.","data_fim_prazo":null,"ip":"45.174.220.203","ultima_edicao":"2025-05-09T11:23:52.394538-03:00","status":3,"materia":3736,"unidade_tramitacao_local":18,"unidade_tramitacao_destino":22,"user":72}