{"id":3561,"__str__":"Indica\u00e7\u00e3o n\u00ba 9 de 2025 | Indica\u00e7\u00e3o aprovada pelo vereadores em Plen\u00e1rio.  | 25/02/2025","link_detail_backend":"/materia/tramitacao/3561","metadata":{},"timestamp":"2025-03-12T16:28:38.391588-03:00","data_tramitacao":"2025-02-25","data_encaminhamento":null,"urgente":false,"turno":"U","texto":"Aprovada a indica\u00e7\u00e3o da Vereadora.","data_fim_prazo":null,"ip":"177.128.122.19","ultima_edicao":"2025-03-12T16:27:54.355257-03:00","status":51,"materia":3579,"unidade_tramitacao_local":22,"unidade_tramitacao_destino":21,"user":71}