{"id":1571,"__str__":"Projeto de Lei Ordin\u00e1ria - Legislativo n\u00ba 9 de 2019 | Projeto de Lei inclu\u00eddo na Ordem do dia. | 06/08/2019","link_detail_backend":"/materia/tramitacao/1571","metadata":{},"timestamp":"2020-03-13T10:07:32.198919-03:00","data_tramitacao":"2019-08-06","data_encaminhamento":"2019-08-06","urgente":false,"turno":"U","texto":"Projeto de lei da vereadora, inclu\u00eddo na pauta da 17\u00aa (d\u00e9cima s\u00e9tima) sess\u00e3o ordin\u00e1ria.","data_fim_prazo":null,"ip":"179.254.135.213","ultima_edicao":null,"status":54,"materia":1554,"unidade_tramitacao_local":22,"unidade_tramitacao_destino":21,"user":29}