{"id":612,"__str__":"Indica\u00e7\u00e3o n\u00ba 215 de 2017","link_detail_backend":"/materia/612","metadata":{},"numero":215,"ano":2017,"numero_protocolo":null,"data_apresentacao":"2017-12-12","tipo_apresentacao":"E","data_publicacao":null,"numero_origem_externa":"","ano_origem_externa":null,"data_origem_externa":null,"apelido":"Cabeceira e os bigodes ","dias_prazo":30,"data_fim_prazo":null,"em_tramitacao":false,"polemica":false,"objeto":"Indica\u00e7\u00e3o","complementar":false,"ementa":"O VEREADOR QUE A PRESENTE SUBSCREVE, EM CONFORMIDADE COM O TEXTO REGIMENTAL, INDICA A MESA DIRETORA PARA QUE DEPOIS DE OUVIDO O SOBERANO PLEN\u00c1RIO, QUE ENVIE EXPEDIENTE AO EXCELENT\u00cdSSIMO  SENHOR GOVERNADOR REINALDO AZAMBUJA E AO SECRET\u00c1RIO DE ESTADO DE INFRAESTRUTURA (SEINFRA) EDNEI MARCELO MIGLIOLI, SOLICITANDO A SEGUINTE PROVID\u00caNCIA:\r\n&#8226;\tA IMEDIATA A\u00c7\u00c3O NO SENTIDO DE RECUPERAR A CABECEIRA E OS BIGODES DA PONTE DE CONCRETO SOBRE O C\u00d3RREGO S\u00c3O LOUREN\u00c7O E AMONGUIJA, NO MUNIC\u00cdPIO DE PORTO MURTINHO/MS, E A FORMA\u00c7\u00c3O DE EROS\u00d5ES DO ATERRO DA PONTE COM A POSSIBILIDADE DE HAVER CORTES DO ATERRO DA ESTRADA.\r\n","indexacao":"CABECEIRA E OS BIGODES ","observacao":"","resultado":"","texto_original":"http://sapl.portomurtinho.ms.leg.br/media/sapl/public/materialegislativa/2017/612/612_texto_integral.pdf","data_ultima_atualizacao":"2018-10-01T09:54:03.756826-03:00","ip":"","ultima_edicao":null,"tipo":48,"regime_tramitacao":1,"tipo_origem_externa":null,"local_origem_externa":null,"user":null,"anexadas":[],"autores":[39]}