{"id":466,"__str__":"Projeto de Lei Ordin\u00e1ria - Legislativo n\u00ba 13 de 2017","link_detail_backend":"/materia/466","metadata":{},"numero":13,"ano":2017,"numero_protocolo":856,"data_apresentacao":"2017-08-22","tipo_apresentacao":"E","data_publicacao":null,"numero_origem_externa":"","ano_origem_externa":null,"data_origem_externa":null,"apelido":"Valoriza\u00e7\u00e3o ","dias_prazo":45,"data_fim_prazo":null,"em_tramitacao":true,"polemica":false,"objeto":"Projeto de Lei","complementar":false,"ementa":"INSTITUI A SEMANA DE VALORIZA\u00c7\u00c3O DE PESSOA COM DEFICI\u00caNCIA","indexacao":"DEFICI\u00caNCIA","observacao":"","resultado":"","texto_original":"http://sapl.portomurtinho.ms.leg.br/media/sapl/public/materialegislativa/2017/466/466_texto_integral.jpeg","data_ultima_atualizacao":"2018-10-01T09:54:03.150151-03:00","ip":"","ultima_edicao":null,"tipo":9,"regime_tramitacao":1,"tipo_origem_externa":null,"local_origem_externa":null,"user":null,"anexadas":[],"autores":[33]}