{"id":4183,"__str__":"Indica\u00e7\u00e3o n\u00ba 24 de 2026","link_detail_backend":"/materia/4183","metadata":{},"numero":24,"ano":2026,"numero_protocolo":null,"data_apresentacao":"2026-02-24","tipo_apresentacao":"E","data_publicacao":null,"numero_origem_externa":"","ano_origem_externa":null,"data_origem_externa":null,"apelido":"","dias_prazo":null,"data_fim_prazo":null,"em_tramitacao":false,"polemica":false,"objeto":"","complementar":false,"ementa":"O Vereador que esta subscreve, nos termos regimentais, INDICA ao Excelent\u00edssimo Senhor Prefeito Municipal, com c\u00f3pia \u00e0 Secretaria Municipal de Educa\u00e7\u00e3o, que sejam adotadas as provid\u00eancias necess\u00e1rias para:\r\n\r\nDisponibilizar computadores administrativos destinados ao desenvolvimento das fun\u00e7\u00f5es pedag\u00f3gicas e administrativas do professor, Diretor, Diretor Adjunto e Coordena\u00e7\u00e3o Pedag\u00f3gica da Escola Municipal Rural Bonif\u00e1cio Gomes - Polo e Extens\u00f5es;\r\n\r\nEncaminhar os 11 (onze) computadores oriundos de emenda parlamentar do Deputado Estadual M\u00e1rcio Fernandes, para que sejam destinados ao atendimento da demanda dos alunos da referida unidade escolar.","indexacao":"O Vereador que esta subscreve, nos termos regimentais, INDICA ao Excelent\u00edssimo Senhor Prefeito Municipal, com c\u00f3pia \u00e0 Secretaria Municipal de Educa\u00e7\u00e3o, que sejam adotadas as provid\u00eancias necess\u00e1rias para:\r\n\r\nDisponibilizar computadores administrativos destinados ao desenvolvimento das fun\u00e7\u00f5es pedag\u00f3gicas e administrativas do professor, Diretor, Diretor Adjunto e Coordena\u00e7\u00e3o Pedag\u00f3gica da Escola Municipal Rural Bonif\u00e1cio Gomes - Polo e Extens\u00f5es;\r\n\r\nEncaminhar os 11 (onze) computadores oriundos de emenda parlamentar do Deputado Estadual M\u00e1rcio Fernandes, para que sejam destinados ao atendimento da demanda dos alunos da referida unidade escolar.","observacao":"lido e aprovado","resultado":"","texto_original":null,"data_ultima_atualizacao":"2026-03-06T11:41:54.026712-03:00","ip":"45.174.220.202","ultima_edicao":"2026-03-06T11:30:57.275090-03:00","tipo":48,"regime_tramitacao":1,"tipo_origem_externa":null,"local_origem_externa":4,"user":73,"anexadas":[],"autores":[73]}