{"id":4125,"__str__":"Requerimento n\u00ba 62 de 2025","link_detail_backend":"/materia/4125","metadata":{},"numero":62,"ano":2025,"numero_protocolo":null,"data_apresentacao":"2025-11-24","tipo_apresentacao":"E","data_publicacao":null,"numero_origem_externa":"","ano_origem_externa":null,"data_origem_externa":null,"apelido":"Implanta\u00e7\u00e3o de escola tempo integral","dias_prazo":30,"data_fim_prazo":null,"em_tramitacao":true,"polemica":false,"objeto":"Requerimento","complementar":false,"ementa":"Requeiro para a secretaria de Educa\u00e7\u00e3o informa\u00e7\u00f5es referente a implanta\u00e7\u00e3o da Escola em tempo integral na Escola c\u00edvico Militar Cl\u00e1udio de Oliveira.\r\n\r\n1- Qual foi o crit\u00e9rio utilizado para a escolha das turmas/escola para integrarem o per\u00edodo de tempo integral?\r\n\r\n2- Quais s\u00e3o as atividades prevista e atualmente desenvolvidas no contraturno escolar oficinas, disciplinas complementares, programas e demais a\u00e7\u00f5es.","indexacao":"Requeiro para a secretaria de Educa\u00e7\u00e3o informa\u00e7\u00f5es referente a implanta\u00e7\u00e3o da Escola em tempo integral na Escola c\u00edvico Militar Cl\u00e1udio de Oliveira.\r\n\r\n1- Qual foi o crit\u00e9rio utilizado para a escolha das turmas/escola para integrarem o per\u00edodo de tempo integral?\r\n\r\n2- Quais s\u00e3o as atividades prevista e atualmente desenvolvidas no contraturno escolar oficinas, disciplinas complementares, programas e demais a\u00e7\u00f5es.","observacao":"","resultado":"","texto_original":"http://sapl.portomurtinho.ms.leg.br/media/sapl/public/materialegislativa/2025/4125/camscanner_25-11-2025_11.21_1.pdf","data_ultima_atualizacao":"2025-11-25T12:23:25.936650-03:00","ip":"45.174.220.203","ultima_edicao":"2025-11-25T12:11:55.448566-03:00","tipo":49,"regime_tramitacao":1,"tipo_origem_externa":null,"local_origem_externa":null,"user":70,"anexadas":[],"autores":[69]}