{"id":4050,"__str__":"Indica\u00e7\u00e3o n\u00ba 241 de 2025","link_detail_backend":"/materia/4050","metadata":{},"numero":241,"ano":2025,"numero_protocolo":null,"data_apresentacao":"2025-10-06","tipo_apresentacao":"O","data_publicacao":null,"numero_origem_externa":"","ano_origem_externa":null,"data_origem_externa":null,"apelido":"Solicita a retirada das unidades Moveis(UTIS e UOM","dias_prazo":null,"data_fim_prazo":null,"em_tramitacao":false,"polemica":false,"objeto":"indica\u00e7\u00e3o","complementar":false,"ementa":"O vereador que subscreve a presente Indica\u00e7\u00e3o solicita ao Poder Executivo Municipal e \u00e0 Secretaria Municipal de Sa\u00fade que seja providenciada, com urg\u00eancia, a retirada das duas UTIs M\u00f3veis e da Unidade Odontol\u00f3gica M\u00f3vel (UOM) que se encontram estacionadas em frente ao Polo Acad\u00eamico de Porto Murtinho.\r\n\r\nAs referidas unidades est\u00e3o expostas diretamente ao sol e \u00e0s altas temperaturas, sem qualquer tipo de cobertura ou abrigo, o que pode danificar equipamentos hospitalares e odontol\u00f3gicos instalados em seus interiores, comprometendo o bom funcionamento e a conserva\u00e7\u00e3o dos bens p\u00fablicos.\r\n\r\nDessa forma, solicita-se que os ve\u00edculos sejam remanejados para um local coberto, ventilado e seguro, garantindo a preserva\u00e7\u00e3o dos equipamentos, a durabilidade dos ve\u00edculos e a economia dos recursos p\u00fablicos.\r\n\r\nCerto da aten\u00e7\u00e3o e da sensibilidade do Poder Executivo diante dessa situa\u00e7\u00e3o, renovo votos de estima e considera\u00e7\u00e3o.","indexacao":"O vereador que subscreve a presente Indica\u00e7\u00e3o solicita ao Poder Executivo Municipal e \u00e0 Secretaria Municipal de Sa\u00fade que seja providenciada, com urg\u00eancia, a retirada das duas UTIs M\u00f3veis e da Unidade Odontol\u00f3gica M\u00f3vel (UOM) que se encontram estacionadas em frente ao Polo Acad\u00eamico de Porto Murtinho.\r\n\r\nAs referidas unidades est\u00e3o expostas diretamente ao sol e \u00e0s altas temperaturas, sem qualquer tipo de cobertura ou abrigo, o que pode danificar equipamentos hospitalares e odontol\u00f3gicos instalados em seus interiores, comprometendo o bom funcionamento e a conserva\u00e7\u00e3o dos bens p\u00fablicos.\r\n\r\nDessa forma, solicita-se que os ve\u00edculos sejam remanejados para um local coberto, ventilado e seguro, garantindo a preserva\u00e7\u00e3o dos equipamentos, a durabilidade dos ve\u00edculos e a economia dos recursos p\u00fablicos.\r\n\r\nCerto da aten\u00e7\u00e3o e da sensibilidade do Poder Executivo diante dessa situa\u00e7\u00e3o, renovo votos de estima e considera\u00e7\u00e3o.","observacao":"lido e aprovado","resultado":"","texto_original":"http://sapl.portomurtinho.ms.leg.br/media/sapl/public/materialegislativa/2025/4050/camscanner_08-10-2025_07.41.pdf","data_ultima_atualizacao":"2025-10-08T09:04:06.181678-03:00","ip":"45.174.220.201","ultima_edicao":"2025-10-08T08:29:33.025755-03:00","tipo":48,"regime_tramitacao":1,"tipo_origem_externa":48,"local_origem_externa":4,"user":70,"anexadas":[],"autores":[69]}