{"id":4010,"__str__":"Indica\u00e7\u00e3o n\u00ba 222 de 2025","link_detail_backend":"/materia/4010","metadata":{},"numero":222,"ano":2025,"numero_protocolo":null,"data_apresentacao":"2025-09-23","tipo_apresentacao":"E","data_publicacao":null,"numero_origem_externa":"","ano_origem_externa":null,"data_origem_externa":null,"apelido":"Implanta\u00e7\u00e3o de faixa amarela","dias_prazo":30,"data_fim_prazo":null,"em_tramitacao":false,"polemica":false,"objeto":"indica\u00e7\u00e3o","complementar":false,"ementa":"O Vereador Dr. Ant\u00f4nio solicita ao Prefeito Municipal e ao Gerente de Tr\u00e2nsito que seja realizado estudo para transforma\u00e7\u00e3o da Rua Pedro Cel. Celestino em via de sentido \u00fanico (no trecho Prefeitura \u2192 Av. Laranjeiras), com implanta\u00e7\u00e3o de faixa amarela no lado do Dique e delimita\u00e7\u00e3o de \u00e1rea de embarque e desembarque em frente ao Hotel Beira Rio, visando maior seguran\u00e7a e fluidez no tr\u00e1fego.","indexacao":"O Vereador Dr. Ant\u00f4nio solicita ao Prefeito Municipal e ao Gerente de Tr\u00e2nsito que seja realizado estudo para transforma\u00e7\u00e3o da Rua Pedro Cel. Celestino em via de sentido \u00fanico (no trecho Prefeitura \u2192 Av. Laranjeiras), com implanta\u00e7\u00e3o de faixa amarela no lado do Dique e delimita\u00e7\u00e3o de \u00e1rea de embarque e desembarque em frente ao Hotel Beira Rio, visando maior seguran\u00e7a e fluidez no tr\u00e1fego.","observacao":"Lido e aprovado em plen\u00e1rio.","resultado":"","texto_original":"http://sapl.portomurtinho.ms.leg.br/media/sapl/public/materialegislativa/2025/4010/camscanner_24-09-2025_08.09.pdf","data_ultima_atualizacao":"2025-09-24T09:19:16.630578-03:00","ip":"45.174.220.205","ultima_edicao":"2025-09-24T09:07:13.431273-03:00","tipo":48,"regime_tramitacao":1,"tipo_origem_externa":null,"local_origem_externa":null,"user":70,"anexadas":[],"autores":[69]}