{"id":3996,"__str__":"Indica\u00e7\u00e3o n\u00ba 213 de 2025","link_detail_backend":"/materia/3996","metadata":{},"numero":213,"ano":2025,"numero_protocolo":null,"data_apresentacao":"2025-09-16","tipo_apresentacao":"E","data_publicacao":null,"numero_origem_externa":"035","ano_origem_externa":2025,"data_origem_externa":"2025-09-16","apelido":"indica\u00e7\u00e3o","dias_prazo":30,"data_fim_prazo":null,"em_tramitacao":true,"polemica":false,"objeto":"indica\u00e7\u00e3o","complementar":false,"ementa":"Indico \u00e0 Excelent\u00edssima Senhora Secret\u00e1ria Municipal de Sa\u00fade, Andreara Castro, que seja estudada a possibilidade de abrir o Polo Acad\u00eamico nos dias em que h\u00e1 transporte \u00e0 Capital para atendimento m\u00e9dico, para que os pacientes possam aguardar o \u00f4nibus de forma mais confort\u00e1vel e segura.\r\nMuitos mun\u00edcipes, principalmente idosos, chegam ao local bem antes do hor\u00e1rio da sa\u00edda do \u00f4nibus, pois se deslocam de regi\u00f5es distantes com receio de perder a condu\u00e7\u00e3o. Nesses casos, permanecem em p\u00e9 e sem acesso adequado a banheiros, enfrentando desconforto e at\u00e9 mesmo riscos \u00e0 sa\u00fade.","indexacao":"Indico \u00e0 Excelent\u00edssima Senhora Secret\u00e1ria Municipal de Sa\u00fade, Andreara Castro, que seja estudada a possibilidade de abrir o Polo Acad\u00eamico nos dias em que h\u00e1 transporte \u00e0 Capital para atendimento m\u00e9dico, para que os pacientes possam aguardar o \u00f4nibus de forma mais confort\u00e1vel e segura.\r\nMuitos mun\u00edcipes, principalmente idosos, chegam ao local bem antes do hor\u00e1rio da sa\u00edda do \u00f4nibus, pois se deslocam de regi\u00f5es distantes com receio de perder a condu\u00e7\u00e3o. Nesses casos, permanecem em p\u00e9 e sem acesso adequado a banheiros, enfrentando desconforto e at\u00e9 mesmo riscos \u00e0 sa\u00fade.","observacao":"","resultado":"","texto_original":"http://sapl.portomurtinho.ms.leg.br/media/sapl/public/materialegislativa/2025/3996/indicacao_035.pdf","data_ultima_atualizacao":"2025-09-17T08:50:51.218084-03:00","ip":"45.174.220.206","ultima_edicao":"2025-09-17T08:41:33.198166-03:00","tipo":48,"regime_tramitacao":1,"tipo_origem_externa":48,"local_origem_externa":4,"user":72,"anexadas":[],"autores":[72]}