{"id":3995,"__str__":"Indica\u00e7\u00e3o n\u00ba 212 de 2025","link_detail_backend":"/materia/3995","metadata":{},"numero":212,"ano":2025,"numero_protocolo":null,"data_apresentacao":"2025-09-16","tipo_apresentacao":"E","data_publicacao":null,"numero_origem_externa":"034","ano_origem_externa":2025,"data_origem_externa":"2025-09-16","apelido":"indica\u00e7\u00e3o","dias_prazo":30,"data_fim_prazo":null,"em_tramitacao":true,"polemica":false,"objeto":"indica\u00e7\u00e3o","complementar":false,"ementa":"Indico ao Executivo Municipal e \u00e0 Secretaria de Sa\u00fade que avaliem a possibilidade de disponibilizar atendimento no Posto de Sa\u00fade do Centro \u00e0s pessoas brasileiras que residem em Carmelo Peralta, em especial aos idosos devidamente documentados, que j\u00e1 atravessam diariamente o cais para chegar at\u00e9 a cidade.\r\nConsiderando que o cais de travessia fica pr\u00f3ximo ao Posto de Sa\u00fade do Centro, a disponibiliza\u00e7\u00e3o do atendimento neste local representaria n\u00e3o apenas uma economia de tempo e recursos para essas pessoas, mas tamb\u00e9m garantiria um acesso mais digno, r\u00e1pido e humanizado aos servi\u00e7os de sa\u00fade.","indexacao":"Indico ao Executivo Municipal e \u00e0 Secretaria de Sa\u00fade que avaliem a possibilidade de disponibilizar atendimento no Posto de Sa\u00fade do Centro \u00e0s pessoas brasileiras que residem em Carmelo Peralta, em especial aos idosos devidamente documentados, que j\u00e1 atravessam diariamente o cais para chegar at\u00e9 a cidade.\r\nConsiderando que o cais de travessia fica pr\u00f3ximo ao Posto de Sa\u00fade do Centro, a disponibiliza\u00e7\u00e3o do atendimento neste local representaria n\u00e3o apenas uma economia de tempo e recursos para essas pessoas, mas tamb\u00e9m garantiria um acesso mais digno, r\u00e1pido e humanizado aos servi\u00e7os de sa\u00fade.","observacao":"","resultado":"","texto_original":"http://sapl.portomurtinho.ms.leg.br/media/sapl/public/materialegislativa/2025/3995/indicacao_034.pdf","data_ultima_atualizacao":"2025-09-17T08:40:28.779116-03:00","ip":"45.174.220.206","ultima_edicao":"2025-09-17T08:34:21.886992-03:00","tipo":48,"regime_tramitacao":1,"tipo_origem_externa":48,"local_origem_externa":4,"user":72,"anexadas":[],"autores":[72]}