{"id":3693,"__str__":"Indica\u00e7\u00e3o n\u00ba 75 de 2025","link_detail_backend":"/materia/3693","metadata":{},"numero":75,"ano":2025,"numero_protocolo":null,"data_apresentacao":"2025-03-14","tipo_apresentacao":"E","data_publicacao":null,"numero_origem_externa":"","ano_origem_externa":null,"data_origem_externa":null,"apelido":"educa\u00e7\u00e3o financeira","dias_prazo":30,"data_fim_prazo":null,"em_tramitacao":true,"polemica":false,"objeto":"Indica\u00e7\u00e3o","complementar":false,"ementa":"A orienta\u00e7\u00e3o por parte dos profissionais da educa\u00e7\u00e3o da Escola Municipal C\u00edvico Militar Cla\u00fadio de Oliveira, para inserir o tema planejamento de aula a educa\u00e7\u00e3o financeira aos alunos dos anos finais do ensino fundamental.","indexacao":"A orienta\u00e7\u00e3o por parte dos profissionais da educa\u00e7\u00e3o da Escola Municipal C\u00edvico Militar Cla\u00fadio de Oliveira, para inserir o tema planejamento de aula a educa\u00e7\u00e3o financeira aos alunos dos anos finais do ensino fundamental.","observacao":"","resultado":"","texto_original":null,"data_ultima_atualizacao":"2025-04-22T11:15:43.236088-03:00","ip":"45.174.220.200","ultima_edicao":"2025-04-22T11:13:15.925768-03:00","tipo":48,"regime_tramitacao":2,"tipo_origem_externa":null,"local_origem_externa":null,"user":29,"anexadas":[],"autores":[19]}