{"id":3691,"__str__":"Indica\u00e7\u00e3o n\u00ba 73 de 2025","link_detail_backend":"/materia/3691","metadata":{},"numero":73,"ano":2025,"numero_protocolo":null,"data_apresentacao":"2025-04-15","tipo_apresentacao":"E","data_publicacao":null,"numero_origem_externa":"","ano_origem_externa":null,"data_origem_externa":null,"apelido":"a\u00e7\u00f5es preventivas e corretivas no valet\u00e3o","dias_prazo":30,"data_fim_prazo":null,"em_tramitacao":true,"polemica":false,"objeto":"Indica\u00e7\u00e3o","complementar":false,"ementa":"A\u00e7\u00f5es preventivas e corretivas urgentes s\u00e3o necess\u00e1rias nas margens do valet\u00e3o localizado na Avenida Laranjeiras, nas aproximidades do Nova Comercial e Restaurante do Adilmo. \u00c9 vis\u00edvel o risco de desbamento devido ao afundamento do solo naquela \u00e1rea, um problema que pode ser agravado pelas chuvas intensas.","indexacao":"A\u00e7\u00f5es preventivas e corretivas urgentes s\u00e3o necess\u00e1rias nas margens do valet\u00e3o localizado na Avenida Laranjeiras, nas aproximidades do Nova Comercial e Restaurante do Adilmo. \u00c9 vis\u00edvel o risco de desbamento devido ao afundamento do solo naquela \u00e1rea, um problema que pode ser agravado pelas chuvas intensas.","observacao":"","resultado":"","texto_original":"http://sapl.portomurtinho.ms.leg.br/media/sapl/public/materialegislativa/2025/3691/resposta_da_indicacao_n._17-2025_sirley_pacheco.pdf","data_ultima_atualizacao":"2025-05-20T08:57:14.825792-03:00","ip":"45.174.220.207","ultima_edicao":"2025-05-20T08:57:14.715340-03:00","tipo":48,"regime_tramitacao":1,"tipo_origem_externa":null,"local_origem_externa":null,"user":29,"anexadas":[],"autores":[19]}