{"id":3570,"__str__":"Indica\u00e7\u00e3o n\u00ba 4 de 2025","link_detail_backend":"/materia/3570","metadata":{},"numero":4,"ano":2025,"numero_protocolo":null,"data_apresentacao":"2025-02-25","tipo_apresentacao":"E","data_publicacao":"2025-02-25","numero_origem_externa":"2.2025 Ana","ano_origem_externa":2025,"data_origem_externa":"2025-02-25","apelido":"IMPLANTA\u00c7\u00c3O DE CAPS","dias_prazo":30,"data_fim_prazo":"2025-03-25","em_tramitacao":false,"polemica":false,"objeto":"Indica\u00e7\u00e3o","complementar":false,"ementa":"Considerando o crescimento significativo no n\u00famero de atendimentos relacionados a transtornos mentais e depend\u00eancia qu\u00edmica no munic\u00edpio. Ao qual muitos cidad\u00e3os est\u00e3o sendo encaminhados para tratamento em cl\u00ednicas particulares, gerando despesas mensais para a Prefeitura e sobrecarregando os cofres p\u00fablicos;\r\n\u00c0 necessidade de um atendimento especializado, cont\u00ednuo e humanizado para pessoas com transtornos mentais, garantindo o direito ao tratamento adequado dentro do pr\u00f3prio munic\u00edpio; desta forma a implanta\u00e7\u00e3o de um Centro de Aten\u00e7\u00e3o Psicossocial (CAPS) contribuir\u00e1 para a melhoria da qualidade de vida dos pacientes e de seus familiares, al\u00e9m de otimizar os recursos p\u00fablicos destinados \u00e0 sa\u00fade mental;\r\nRequeiro que a Secretaria Municipal de Sa\u00fade realize estudos t\u00e9cnicos e tome as provid\u00eancias necess\u00e1rias para a implanta\u00e7\u00e3o de um CAPS no munic\u00edpio, conforme as diretrizes da Pol\u00edtica Nacional de Sa\u00fade Mental e os crit\u00e9rios do Minist\u00e9rio da Sa\u00fade.","indexacao":"IMPLANTA\u00c7\u00c3O DE CAPS","observacao":"","resultado":"","texto_original":null,"data_ultima_atualizacao":"2025-05-21T12:13:41.415046-03:00","ip":"45.174.220.206","ultima_edicao":"2025-02-26T10:58:52.086747-03:00","tipo":48,"regime_tramitacao":1,"tipo_origem_externa":48,"local_origem_externa":4,"user":68,"anexadas":[],"autores":[68]}