{"id":3035,"__str__":"Projeto de Lei Ordin\u00e1ria - Legislativo n\u00ba 11 de 2023","link_detail_backend":"/materia/3035","metadata":{},"numero":11,"ano":2023,"numero_protocolo":null,"data_apresentacao":"2023-08-15","tipo_apresentacao":"E","data_publicacao":null,"numero_origem_externa":"011","ano_origem_externa":2023,"data_origem_externa":"2023-08-15","apelido":"PROJETO DE LEI","dias_prazo":30,"data_fim_prazo":null,"em_tramitacao":false,"polemica":false,"objeto":"AUTISMO","complementar":false,"ementa":"\u201cINSTITUI DIRETRIZES PARA A POL\u00cdTICA DE DIAGN\u00d3STICO PRECOCE E TRATAMENTO DO ESPECTRO AUTISTA (TEA) NA CRIAN\u00c7A, ASSIM COMO ESTABELECE O ATENDIMENTO PRIORIT\u00c1RIO A PESSOAS AUTISTAS E INCLUI A SEMANA DE CONSCIENTIZA\u00c7\u00c3O DO AUTISMO, E D\u00c1 OUTRAS PROVID\u00caNCIAS\u201d.","indexacao":"AUTISMO","observacao":"PROJETO DE LEI","resultado":"","texto_original":"http://sapl.portomurtinho.ms.leg.br/media/sapl/public/materialegislativa/2023/3035/projeto_de_lei_no._011-2023.pdf","data_ultima_atualizacao":"2023-09-18T12:05:35.715545-03:00","ip":"45.230.111.230","ultima_edicao":"2023-09-18T12:05:35.382905-03:00","tipo":9,"regime_tramitacao":1,"tipo_origem_externa":9,"local_origem_externa":4,"user":56,"anexadas":[],"autores":[33]}