{"id":2156,"__str__":"Projeto de Lei Ordin\u00e1ria - Executivo n\u00ba 8 de 2021","link_detail_backend":"/materia/2156","metadata":{},"numero":8,"ano":2021,"numero_protocolo":null,"data_apresentacao":"2021-10-05","tipo_apresentacao":"E","data_publicacao":"2021-10-05","numero_origem_externa":"012","ano_origem_externa":2021,"data_origem_externa":"2021-10-05","apelido":"Casa Lar","dias_prazo":45,"data_fim_prazo":"2021-11-20","em_tramitacao":true,"polemica":false,"objeto":"","complementar":false,"ementa":"D\u00e1 nova denomina\u00e7\u00e3o a \"Casa Lar\" da crian\u00e7a e do adolescente de Porto Murtinho- MS.","indexacao":"Encaminhado o Projeto de Lei n\u00ba 012/2021 do Poder Executivo.","observacao":"","resultado":"","texto_original":"http://sapl.portomurtinho.ms.leg.br/media/sapl/public/materialegislativa/2021/2156/projeto_de_lei_n_012-da__denominacao_a_casa_lar_da_crianca_e_do_adolescente.pdf","data_ultima_atualizacao":"2021-12-01T09:47:31.637267-03:00","ip":"177.5.204.43","ultima_edicao":"2021-12-01T09:47:31.508175-03:00","tipo":1,"regime_tramitacao":1,"tipo_origem_externa":1,"local_origem_externa":2,"user":28,"anexadas":[],"autores":[57]}