{"id":2121,"__str__":"Projeto de Lei Ordin\u00e1ria - Legislativo n\u00ba 7 de 2021","link_detail_backend":"/materia/2121","metadata":{},"numero":7,"ano":2021,"numero_protocolo":null,"data_apresentacao":"2021-09-21","tipo_apresentacao":"E","data_publicacao":"2021-09-21","numero_origem_externa":"007","ano_origem_externa":2021,"data_origem_externa":"2021-09-21","apelido":"A\u00e7\u00f5es Preventivas de suic\u00eddio","dias_prazo":45,"data_fim_prazo":"2021-11-05","em_tramitacao":true,"polemica":false,"objeto":"Projeto de Lei","complementar":false,"ementa":"Institui no Calend\u00e1rio Oficial de Eventos do Munic\u00edpio de Porto Murtinho-MS, dedicado a Campanha da Semana de Conscientiza\u00e7\u00e3o, Preven\u00e7\u00e3o \u00e0s a\u00e7\u00f5es preventivas de suic\u00eddio, denominado de \u201cSetembro Amarelo\u201d, e d\u00e1 outras provid\u00eancias.","indexacao":"Campanha da Semana de Conscientiza\u00e7\u00e3o, Preven\u00e7\u00e3o \u00e0s a\u00e7\u00f5es preventivas de suic\u00eddio, denominado de \u201cSetembro Amarelo\u201d","observacao":"","resultado":"","texto_original":"http://sapl.portomurtinho.ms.leg.br/media/sapl/public/materialegislativa/2021/2121/projeto_de_lei_007.pdf","data_ultima_atualizacao":"2021-10-04T11:41:18.123495-03:00","ip":"177.6.218.251","ultima_edicao":"2021-09-23T10:11:48.349259-03:00","tipo":9,"regime_tramitacao":1,"tipo_origem_externa":9,"local_origem_externa":4,"user":47,"anexadas":[],"autores":[36]}