{"id":1629,"__str__":"Proposta de Emenda \u00e0 Lei Org\u00e2nica n\u00ba 1 de 2009","link_detail_backend":"/materia/1629","metadata":{},"numero":1,"ano":2009,"numero_protocolo":null,"data_apresentacao":"2009-06-27","tipo_apresentacao":"E","data_publicacao":"2009-06-27","numero_origem_externa":"","ano_origem_externa":null,"data_origem_externa":null,"apelido":"Gestante","dias_prazo":null,"data_fim_prazo":null,"em_tramitacao":false,"polemica":false,"objeto":"Projeto de Emenda \u00e0 Lei Org\u00e2nica","complementar":false,"ementa":"Disp\u00f5e sobre altera\u00e7\u00e3o da reda\u00e7\u00e3o do inciso XI do paragrafo 2\u00ba do artigo 98 da Lei Org\u00e2nica do Munic\u00edpio.","indexacao":"Disp\u00f5e sobre altera\u00e7\u00e3o da reda\u00e7\u00e3o do inciso XI do paragrafo 2\u00ba do artigo 98 da Lei Org\u00e2nica do Munic\u00edpio.","observacao":"Presidente \u00e0 epoca, vereador Fortunato Elias da C. Leite","resultado":"","texto_original":null,"data_ultima_atualizacao":"2020-05-07T12:29:59.986506-03:00","ip":"179.254.204.155","ultima_edicao":null,"tipo":50,"regime_tramitacao":3,"tipo_origem_externa":null,"local_origem_externa":null,"user":29,"anexadas":[],"autores":[]}