{"id":790,"__str__":"Parecer - Comiss\u00e3o de Permanente de Justi\u00e7a e Reda\u00e7\u00e3o Final de 24/09/2019 por Elbio Balta","link_detail_backend":"/materia/documentoacessorio/790","metadata":{},"nome":"Comiss\u00e3o de Permanente de Justi\u00e7a e Reda\u00e7\u00e3o Final","data":"2019-09-24","autor":"Elbio Balta","ementa":"Parecer da Comiss\u00f5es Permanentes.","indexacao":"","arquivo":"http://sapl.portomurtinho.ms.leg.br/media/sapl/public/documentoacessorio/2019/790/parecer_comissoes_permanentes._009-2019.pdf","data_ultima_atualizacao":"2020-03-13T10:32:09.539350-03:00","materia":1554,"tipo":1}