{"id":27,"__str__":"Parecer - Vera Regina G. de Mattos Heyn de 23/02/2016 por Comiss\u00e3o de Justi\u00e7a e Reda\u00e7\u00e3o Final","link_detail_backend":"/materia/documentoacessorio/27","metadata":{},"nome":"Vera Regina G. de Mattos Heyn","data":"2016-02-23","autor":"Comiss\u00e3o de Justi\u00e7a e Reda\u00e7\u00e3o Final","ementa":"PARECER DA COMISS\u00c3O SOBRE O PROJETO DE LEI ORDIN\u00c1RIA N\u00b0.001/2016. ","indexacao":"","arquivo":"http://sapl.portomurtinho.ms.leg.br/media/sapl/public/documentoacessorio/2016/27/27.pdf","data_ultima_atualizacao":"2018-10-01T09:54:06.294161-03:00","materia":8,"tipo":1}