{"id":1192,"__str__":"Parecer - Comiss\u00e3o de Justi\u00e7a e Reda\u00e7\u00e3o Final de 24/08/2021 por Maria Donizete dos Santos","link_detail_backend":"/materia/documentoacessorio/1192","metadata":{},"nome":"Comiss\u00e3o de Justi\u00e7a e Reda\u00e7\u00e3o Final","data":"2021-08-24","autor":"Maria Donizete dos Santos","ementa":"Parecer da Comiss\u00e3o Permanente de Justi\u00e7a e Reda\u00e7\u00e3o Final ao Projeto de Lei Complementar N\u00ba 004/2021 do Poder Executivo.","indexacao":"Parecer da Comiss\u00e3o Permanente de Justi\u00e7a e Reda\u00e7\u00e3o Final ao Projeto de Lei Complementar N\u00ba 004/2021 do Poder Executivo.","arquivo":"http://sapl.portomurtinho.ms.leg.br/media/sapl/public/documentoacessorio/2021/1192/parecer_da_comissao_permanente_de_justica_ao_plc_004-21.pdf","data_ultima_atualizacao":"2022-04-26T10:26:38.196856-03:00","materia":2413,"tipo":1}